{"id":1072,"date":"2020-04-06T17:19:43","date_gmt":"2020-04-06T17:19:43","guid":{"rendered":"http:\/\/idiomasmazatlan.com\/portal\/?p=1072"},"modified":"2020-04-06T17:19:47","modified_gmt":"2020-04-06T17:19:47","slug":"inicio-periodo-vacacional","status":"publish","type":"post","link":"https:\/\/idiomasmazatlan.com\/portal\/inicio-periodo-vacacional\/","title":{"rendered":"Inicio Periodo Vacacional"},"content":{"rendered":"\n<p>Damos inicio al periodo vacacional y regresamos el<strong> 20 de abril<\/strong> como se ha estipulado en el calendario escolar.<\/p>\n\n\n\n<p>Seguiremos con las<strong> gu\u00edas de estudio en l\u00ednea<\/strong> por medidas de prevenci\u00f3n que la Universidad Aut\u00f3noma de Sinaloa ha estipulado.<\/p>\n\n\n\n<p>Sigan al pendiente de nuestras actualizaciones a trav\u00e9s de nuestras redes sociales.<\/p>\n\n\n\n<p>\u00a1Muchas gracias por su atenci\u00f3n y sus esfuerzos!<\/p>\n","protected":false},"excerpt":{"rendered":"<p>Damos inicio al periodo vacacional y regresamos el 20 de abril como se ha estipulado en el calendario escolar.<\/p>\n<p>Seguiremos con las gu\u00edas de estudio en l\u00ednea por medidas de prevenci\u00f3n que la Universidad Aut\u00f3noma de &#8230;<\/p>\n","protected":false},"author":6,"featured_media":1073,"comment_status":"open","ping_status":"open","sticky":false,"template":"","format":"standard","meta":{"jetpack_post_was_ever_published":false,"_jetpack_newsletter_access":"","_jetpack_dont_email_post_to_subs":true,"_jetpack_newsletter_tier_id":0,"_jetpack_memberships_contains_paywalled_content":false,"_jetpack_memberships_contains_paid_content":false,"footnotes":"","jetpack_publicize_message":"","jetpack_publicize_feature_enabled":true,"jetpack_social_post_already_shared":true,"jetpack_social_options":{"image_generator_settings":{"template":"highway","enabled":false},"version":2}},"categories":[9],"tags":[],"class_list":["post-1072","post","type-post","status-publish","format-standard","has-post-thumbnail","hentry","category-noticia"],"jetpack_publicize_connections":[],"jetpack_featured_media_url":"https:\/\/i0.wp.com\/idiomasmazatlan.com\/portal\/wp-content\/uploads\/2020\/04\/Thnks-Vacay-CEIM-2_Thnkx-Vacay-CEIM.png?fit=2500%2C2500&ssl=1","jetpack_sharing_enabled":true,"jetpack_shortlink":"https:\/\/wp.me\/p720zc-hi","jetpack-related-posts":[],"_links":{"self":[{"href":"https:\/\/idiomasmazatlan.com\/portal\/wp-json\/wp\/v2\/posts\/1072","targetHints":{"allow":["GET"]}}],"collection":[{"href":"https:\/\/idiomasmazatlan.com\/portal\/wp-json\/wp\/v2\/posts"}],"about":[{"href":"https:\/\/idiomasmazatlan.com\/portal\/wp-json\/wp\/v2\/types\/post"}],"author":[{"embeddable":true,"href":"https:\/\/idiomasmazatlan.com\/portal\/wp-json\/wp\/v2\/users\/6"}],"replies":[{"embeddable":true,"href":"https:\/\/idiomasmazatlan.com\/portal\/wp-json\/wp\/v2\/comments?post=1072"}],"version-history":[{"count":2,"href":"https:\/\/idiomasmazatlan.com\/portal\/wp-json\/wp\/v2\/posts\/1072\/revisions"}],"predecessor-version":[{"id":1075,"href":"https:\/\/idiomasmazatlan.com\/portal\/wp-json\/wp\/v2\/posts\/1072\/revisions\/1075"}],"wp:featuredmedia":[{"embeddable":true,"href":"https:\/\/idiomasmazatlan.com\/portal\/wp-json\/wp\/v2\/media\/1073"}],"wp:attachment":[{"href":"https:\/\/idiomasmazatlan.com\/portal\/wp-json\/wp\/v2\/media?parent=1072"}],"wp:term":[{"taxonomy":"category","embeddable":true,"href":"https:\/\/idiomasmazatlan.com\/portal\/wp-json\/wp\/v2\/categories?post=1072"},{"taxonomy":"post_tag","embeddable":true,"href":"https:\/\/idiomasmazatlan.com\/portal\/wp-json\/wp\/v2\/tags?post=1072"}],"curies":[{"name":"wp","href":"https:\/\/api.w.org\/{rel}","templated":true}]}}