{"id":1263,"date":"2020-11-15T19:49:11","date_gmt":"2020-11-15T19:49:11","guid":{"rendered":"http:\/\/idiomasmazatlan.com\/portal\/?p=1263"},"modified":"2020-12-07T21:51:45","modified_gmt":"2020-12-07T21:51:45","slug":"inscripciones-2020","status":"publish","type":"post","link":"https:\/\/idiomasmazatlan.com\/portal\/inscripciones-2020\/","title":{"rendered":"Inscripciones 2020"},"content":{"rendered":"\n<p>Iniciamos con inscripciones en el Centro de Estudio de Idiomas Mazatl\u00e1n.<\/p>\n\n\n\n<h2 class=\"wp-block-heading\">OFERTA ACAD\u00c9MICA DE IDIOMAS<\/h2>\n\n\n\n<ul class=\"wp-block-list\"><li>Ingl\u00e9s Regular &#8211; $885 el trimestre (Certificaci\u00f3n Cambridge)<\/li><li>Ingl\u00e9s Intensivo &#8211; $ 1810 el trimestre (Certificaci\u00f3n Cambridge)<\/li><li><strong>* <\/strong>Ingl\u00e9s Avanzado &#8211; $685 el trimestre<\/li><li>Italiano &#8211; $685 el trimestre<\/li><li>Alem\u00e1n &#8211; $685 el trimestre<\/li><li>Franc\u00e9s &#8211; $885 el trimestre (Certificaci\u00f3n DELF)<\/li><li>y Espa\u00f1ol &#8211; $685 el trimestre<\/li><\/ul>\n\n\n\n<p>Llena la solicitud \u2192 <a href=\"https:\/\/forms.gle\/Pax56BykcU3NtQ9C6\" target=\"_blank\" rel=\"noreferrer noopener\" aria-label=\" (se abre en una nueva pesta\u00f1a)\">https:\/\/forms.gle\/Pax56BykcU3NtQ9C6<\/a><\/p>\n\n\n\n<p><strong>*<\/strong> Para cursar ingl\u00e9s avanzado es necesario haber terminado alguno de nuestros cursos, sea Ingl\u00e9s Sabatino, Ingl\u00e9s Regular o Intensivo.<\/p>\n\n\n\n<p>No te quedes fuera, el mundo actual demanda ciudadanos internacionales con competencias en lenguaje extranjero, sea para mejorar tu calidad de vida, laboral o acad\u00e9mica.<\/p>\n\n\n\n<p>Somos una instituci\u00f3n p\u00fablica con los mejores precios en el aprendizaje de idiomas, y no cobramos inscripci\u00f3n.<br>Adem\u00e1s te ofrecemos <strong>asesor\u00edas extras<\/strong>, <strong>clubes de conversaci\u00f3n<\/strong> y <strong>soporte t\u00e9cnico<\/strong> a trav\u00e9s del <strong><em>Centro de Autoaprendizaje de Lenguas Extranjeras<\/em><\/strong> (<strong>CALE<\/strong>), ahora que estamos en la modalidad en l\u00ednea debido a la pandemia del COVID-19.<\/p>\n\n\n\n<p>Para mayores informes nos puedes contactar en oficinas, o l\u00ednea CEIM a los n\u00fameros: <strong>669 982 5598<\/strong>, <strong>669 985 1608<\/strong> o al celular <strong>6691 886 065<\/strong> (Celular con WhatsApp &#8211; L\u00edneaCEIM)<br><strong>De Lunes a Viernes desde las 9:00 am hasta las 5:30 pm<\/strong>.<\/p>\n\n\n\n<p>Tambi\u00e9n puedes pedir informaci\u00f3n en nuestra p\u00e1gina de Facebook: CEIMAZATL\u00c1N [<a rel=\"noreferrer noopener\" aria-label=\"Enlace (se abre en una nueva pesta\u00f1a)\" href=\"https:\/\/www.facebook.com\/ceimazatlan\/\" target=\"_blank\">Enlace<\/a>]<\/p>\n\n\n\n<p>Horarios e Idiomas para nuevo ingreso, as\u00ed como los requisitos en la siguiente imagen:<\/p>\n\n\n\n<figure class=\"wp-block-image size-large\"><img fetchpriority=\"high\" decoding=\"async\" width=\"700\" height=\"700\" data-attachment-id=\"1269\" data-permalink=\"https:\/\/idiomasmazatlan.com\/portal\/inscripciones-2020\/pasos-horarios-inscripcion_pasos-horarios\/\" data-orig-file=\"https:\/\/i0.wp.com\/idiomasmazatlan.com\/portal\/wp-content\/uploads\/2020\/11\/pasos-horarios-inscripcion_Pasos-Horarios.png?fit=2501%2C2501&amp;ssl=1\" data-orig-size=\"2501,2501\" data-comments-opened=\"0\" data-image-meta=\"{&quot;aperture&quot;:&quot;0&quot;,&quot;credit&quot;:&quot;&quot;,&quot;camera&quot;:&quot;&quot;,&quot;caption&quot;:&quot;&quot;,&quot;created_timestamp&quot;:&quot;0&quot;,&quot;copyright&quot;:&quot;&quot;,&quot;focal_length&quot;:&quot;0&quot;,&quot;iso&quot;:&quot;0&quot;,&quot;shutter_speed&quot;:&quot;0&quot;,&quot;title&quot;:&quot;&quot;,&quot;orientation&quot;:&quot;0&quot;}\" data-image-title=\"pasos horarios &amp;#8211; inscripcion_Pasos &amp;#8211; Horarios\" data-image-description=\"\" data-image-caption=\"\" data-medium-file=\"https:\/\/i0.wp.com\/idiomasmazatlan.com\/portal\/wp-content\/uploads\/2020\/11\/pasos-horarios-inscripcion_Pasos-Horarios.png?fit=300%2C300&amp;ssl=1\" data-large-file=\"https:\/\/i0.wp.com\/idiomasmazatlan.com\/portal\/wp-content\/uploads\/2020\/11\/pasos-horarios-inscripcion_Pasos-Horarios.png?fit=700%2C700&amp;ssl=1\" tabindex=\"0\" role=\"button\" src=\"https:\/\/i0.wp.com\/idiomasmazatlan.com\/portal\/wp-content\/uploads\/2020\/11\/pasos-horarios-inscripcion_Pasos-Horarios.png?resize=700%2C700&#038;ssl=1\" alt=\"\" class=\"wp-image-1269\" srcset=\"https:\/\/i0.wp.com\/idiomasmazatlan.com\/portal\/wp-content\/uploads\/2020\/11\/pasos-horarios-inscripcion_Pasos-Horarios.png?resize=1024%2C1024&amp;ssl=1 1024w, https:\/\/i0.wp.com\/idiomasmazatlan.com\/portal\/wp-content\/uploads\/2020\/11\/pasos-horarios-inscripcion_Pasos-Horarios.png?resize=300%2C300&amp;ssl=1 300w, https:\/\/i0.wp.com\/idiomasmazatlan.com\/portal\/wp-content\/uploads\/2020\/11\/pasos-horarios-inscripcion_Pasos-Horarios.png?resize=150%2C150&amp;ssl=1 150w, https:\/\/i0.wp.com\/idiomasmazatlan.com\/portal\/wp-content\/uploads\/2020\/11\/pasos-horarios-inscripcion_Pasos-Horarios.png?resize=1536%2C1536&amp;ssl=1 1536w, https:\/\/i0.wp.com\/idiomasmazatlan.com\/portal\/wp-content\/uploads\/2020\/11\/pasos-horarios-inscripcion_Pasos-Horarios.png?resize=2048%2C2048&amp;ssl=1 2048w, https:\/\/i0.wp.com\/idiomasmazatlan.com\/portal\/wp-content\/uploads\/2020\/11\/pasos-horarios-inscripcion_Pasos-Horarios.png?resize=225%2C225&amp;ssl=1 225w, https:\/\/i0.wp.com\/idiomasmazatlan.com\/portal\/wp-content\/uploads\/2020\/11\/pasos-horarios-inscripcion_Pasos-Horarios.png?resize=392%2C392&amp;ssl=1 392w, https:\/\/i0.wp.com\/idiomasmazatlan.com\/portal\/wp-content\/uploads\/2020\/11\/pasos-horarios-inscripcion_Pasos-Horarios.png?resize=700%2C700&amp;ssl=1 700w, https:\/\/i0.wp.com\/idiomasmazatlan.com\/portal\/wp-content\/uploads\/2020\/11\/pasos-horarios-inscripcion_Pasos-Horarios.png?w=1400&amp;ssl=1 1400w, https:\/\/i0.wp.com\/idiomasmazatlan.com\/portal\/wp-content\/uploads\/2020\/11\/pasos-horarios-inscripcion_Pasos-Horarios.png?w=2100&amp;ssl=1 2100w\" sizes=\"(max-width: 700px) 100vw, 700px\" data-recalc-dims=\"1\" \/><\/figure>\n\n\n<p><!-- Load Facebook SDK for JavaScript --><\/p>\n<div id=\"fb-root\">\u00a0<\/div>\n<p><script><br \/>\n        window.fbAsyncInit = function() {<br \/>\n          FB.init({<br \/>\n            xfbml            : true,<br \/>\n            version          : 'v9.0'<br \/>\n          });<br \/>\n        };<\/p>\n<p>        (function(d, s, id) {<br \/>\n        var js, fjs = d.getElementsByTagName(s)[0];<br \/>\n        if (d.getElementById(id)) return;<br \/>\n        js = d.createElement(s); js.id = id;<br \/>\n        js.src = 'https:\/\/connect.facebook.net\/es_LA\/sdk\/xfbml.customerchat.js';<br \/>\n        fjs.parentNode.insertBefore(js, fjs);<br \/>\n      }(document, 'script', 'facebook-jssdk'));<\/script><\/p>\n<p><!-- Your Chat Plugin code --><\/p>\n<div class=\"fb-customerchat\">\u00a0<\/div>","protected":false},"excerpt":{"rendered":"<p>\u00a1Inscripciones Abiertas &#8211; Idiomas!<br \/>\nPaga menos de 18 pesos diarios la hora, UAS<\/p>\n","protected":false},"author":6,"featured_media":1291,"comment_status":"open","ping_status":"open","sticky":false,"template":"","format":"standard","meta":{"jetpack_post_was_ever_published":false,"_jetpack_newsletter_access":"","_jetpack_dont_email_post_to_subs":true,"_jetpack_newsletter_tier_id":0,"_jetpack_memberships_contains_paywalled_content":false,"_jetpack_memberships_contains_paid_content":false,"footnotes":"","jetpack_publicize_message":"","jetpack_publicize_feature_enabled":true,"jetpack_social_post_already_shared":true,"jetpack_social_options":{"image_generator_settings":{"template":"highway","enabled":false},"version":2}},"categories":[7,9],"tags":[27,26,29,59,36,37,44,28,30],"class_list":["post-1263","post","type-post","status-publish","format-standard","has-post-thumbnail","hentry","category-convocatoria","category-noticia","tag-aleman","tag-espanol","tag-frances","tag-ingles-avanzado","tag-ingles-intensivo","tag-ingles-regular","tag-inscripciones","tag-italiano","tag-oferta-academica"],"jetpack_publicize_connections":[],"jetpack_featured_media_url":"https:\/\/i0.wp.com\/idiomasmazatlan.com\/portal\/wp-content\/uploads\/2020\/11\/que-idioma-te-interesa.jpeg?fit=1279%2C1280&ssl=1","jetpack_sharing_enabled":true,"jetpack_shortlink":"https:\/\/wp.me\/p720zc-kn","jetpack-related-posts":[],"_links":{"self":[{"href":"https:\/\/idiomasmazatlan.com\/portal\/wp-json\/wp\/v2\/posts\/1263","targetHints":{"allow":["GET"]}}],"collection":[{"href":"https:\/\/idiomasmazatlan.com\/portal\/wp-json\/wp\/v2\/posts"}],"about":[{"href":"https:\/\/idiomasmazatlan.com\/portal\/wp-json\/wp\/v2\/types\/post"}],"author":[{"embeddable":true,"href":"https:\/\/idiomasmazatlan.com\/portal\/wp-json\/wp\/v2\/users\/6"}],"replies":[{"embeddable":true,"href":"https:\/\/idiomasmazatlan.com\/portal\/wp-json\/wp\/v2\/comments?post=1263"}],"version-history":[{"count":11,"href":"https:\/\/idiomasmazatlan.com\/portal\/wp-json\/wp\/v2\/posts\/1263\/revisions"}],"predecessor-version":[{"id":1293,"href":"https:\/\/idiomasmazatlan.com\/portal\/wp-json\/wp\/v2\/posts\/1263\/revisions\/1293"}],"wp:featuredmedia":[{"embeddable":true,"href":"https:\/\/idiomasmazatlan.com\/portal\/wp-json\/wp\/v2\/media\/1291"}],"wp:attachment":[{"href":"https:\/\/idiomasmazatlan.com\/portal\/wp-json\/wp\/v2\/media?parent=1263"}],"wp:term":[{"taxonomy":"category","embeddable":true,"href":"https:\/\/idiomasmazatlan.com\/portal\/wp-json\/wp\/v2\/categories?post=1263"},{"taxonomy":"post_tag","embeddable":true,"href":"https:\/\/idiomasmazatlan.com\/portal\/wp-json\/wp\/v2\/tags?post=1263"}],"curies":[{"name":"wp","href":"https:\/\/api.w.org\/{rel}","templated":true}]}}