{"id":1410,"date":"2021-07-25T23:42:02","date_gmt":"2021-07-25T23:42:02","guid":{"rendered":"http:\/\/idiomasmazatlan.com\/portal\/?p=1410"},"modified":"2021-07-26T00:17:55","modified_gmt":"2021-07-26T00:17:55","slug":"receso-de-verano","status":"publish","type":"post","link":"https:\/\/idiomasmazatlan.com\/portal\/receso-de-verano\/","title":{"rendered":"Receso de Verano"},"content":{"rendered":"\n<p>A todo nuestro alumnado:<\/p>\n\n\n\n<p>A partir del pasado viernes, 23 de julio entramos en el receso de Verano de cierre de ciclo escolar 2020-2021, y regresamos a labores el <strong>16 de agosto<\/strong>.<br><br>\u00bfQu\u00e9 pueden continuar haciendo?<\/p>\n\n\n\n<p>Las reinscripciones continuan para nuestros programas de PISA.<br>As\u00ed como las asignaciones de grupo y aula para nuestros programas de entre semana.<br>Si tienen dificultades en llevar a cabo sus reinscripciones, pueden contactarnos en nuestra p\u00e1gina de facebook y al WhatsApp de L\u00edneaCEIM<br><br>-Reinscripciones Cursos entre semana<br>Portal UAS del Alumno <a rel=\"noreferrer noopener\" aria-label=\"https:\/\/siia.uasnet.mx\/alumnos\/ (se abre en una nueva pesta\u00f1a)\" href=\"https:\/\/siia.uasnet.mx\/alumnos\/\" target=\"_blank\">https:\/\/siia.uasnet.mx\/alumnos\/<\/a><br>Recuerda que 24hrs despu\u00e9s de efectuar el pago debes regresar a la plataforma y asignar tu grupo y aula.<\/p>\n\n\n\n<p>-Reinscripciones PISA<br>Portal del Programa Sabatino <a rel=\"noreferrer noopener\" aria-label=\"https:\/\/idiomasmazatlan.com\/pisa\/ (se abre en una nueva pesta\u00f1a)\" href=\"https:\/\/idiomasmazatlan.com\/pisa\/\" target=\"_blank\">https:\/\/idiomasmazatlan.com\/pisa\/<\/a><br>Recuerda que despu\u00e9s de haber efectuado la reinscripci\u00f3n en bancos, debes de regresar a plataforma y subir el comprobante de pago, sea el voucher o recibo con sellos o firma de banco.<\/p>\n\n\n\n<p>-P\u00e1gina de Facebook CEIM<br><a href=\"https:\/\/www.facebook.com\/ceimazatlan\" target=\"_blank\" rel=\"noreferrer noopener\" aria-label=\"https:\/\/www.facebook.com\/ceimazatlan (se abre en una nueva pesta\u00f1a)\">https:\/\/www.facebook.com\/ceimazatlan<\/a><\/p>\n\n\n\n<p>-L\u00ednea de WhatsApp CEIM<br><a href=\"https:\/\/api.whatsapp.com\/send?phone=526691886065\" target=\"_blank\" rel=\"noreferrer noopener\" aria-label=\" (se abre en una nueva pesta\u00f1a)\">Env\u00eda Mensaje dando clic aqu\u00ed<\/a><\/p>\n\n\n\n<p>Te recordamos que las inscripciones a nuevo ingreso se llevar\u00e1n a cabo del 17 al 24 de agosto, y ser\u00e1 en l\u00ednea, no tienes que ir a Centro de Idiomas.<br>De haber cambio, lo publicaremos en nuestras redes sociales.<br><br>Regreso a clases 30 de agosto (programas de entre semana)<br>4 de septiembre (PISA) *tentativo<\/p>\n\n\n\n<p><\/p>\n","protected":false},"excerpt":{"rendered":"<p>Centro de Estudio de Idiomas Mazatl\u00e1n, receso acad\u00e9mico de verano.<br \/>\nReinscripciones &#8211; Inscripciones &#8211; Ciclo escolar 2021-2022.<\/p>\n","protected":false},"author":6,"featured_media":1411,"comment_status":"open","ping_status":"open","sticky":false,"template":"","format":"standard","meta":{"jetpack_post_was_ever_published":false,"_jetpack_newsletter_access":"","_jetpack_dont_email_post_to_subs":true,"_jetpack_newsletter_tier_id":0,"_jetpack_memberships_contains_paywalled_content":false,"_jetpack_memberships_contains_paid_content":false,"footnotes":"","jetpack_publicize_message":"","jetpack_publicize_feature_enabled":true,"jetpack_social_post_already_shared":true,"jetpack_social_options":{"image_generator_settings":{"template":"highway","enabled":false},"version":2}},"categories":[9],"tags":[32,41],"class_list":["post-1410","post","type-post","status-publish","format-standard","has-post-thumbnail","hentry","category-noticia","tag-receso-academic","tag-reinscripciones"],"jetpack_publicize_connections":[],"jetpack_featured_media_url":"https:\/\/i0.wp.com\/idiomasmazatlan.com\/portal\/wp-content\/uploads\/2021\/07\/RecesoCiclo2021.jpeg?fit=1280%2C1279&ssl=1","jetpack_sharing_enabled":true,"jetpack_shortlink":"https:\/\/wp.me\/p720zc-mK","jetpack-related-posts":[],"_links":{"self":[{"href":"https:\/\/idiomasmazatlan.com\/portal\/wp-json\/wp\/v2\/posts\/1410","targetHints":{"allow":["GET"]}}],"collection":[{"href":"https:\/\/idiomasmazatlan.com\/portal\/wp-json\/wp\/v2\/posts"}],"about":[{"href":"https:\/\/idiomasmazatlan.com\/portal\/wp-json\/wp\/v2\/types\/post"}],"author":[{"embeddable":true,"href":"https:\/\/idiomasmazatlan.com\/portal\/wp-json\/wp\/v2\/users\/6"}],"replies":[{"embeddable":true,"href":"https:\/\/idiomasmazatlan.com\/portal\/wp-json\/wp\/v2\/comments?post=1410"}],"version-history":[{"count":3,"href":"https:\/\/idiomasmazatlan.com\/portal\/wp-json\/wp\/v2\/posts\/1410\/revisions"}],"predecessor-version":[{"id":1417,"href":"https:\/\/idiomasmazatlan.com\/portal\/wp-json\/wp\/v2\/posts\/1410\/revisions\/1417"}],"wp:featuredmedia":[{"embeddable":true,"href":"https:\/\/idiomasmazatlan.com\/portal\/wp-json\/wp\/v2\/media\/1411"}],"wp:attachment":[{"href":"https:\/\/idiomasmazatlan.com\/portal\/wp-json\/wp\/v2\/media?parent=1410"}],"wp:term":[{"taxonomy":"category","embeddable":true,"href":"https:\/\/idiomasmazatlan.com\/portal\/wp-json\/wp\/v2\/categories?post=1410"},{"taxonomy":"post_tag","embeddable":true,"href":"https:\/\/idiomasmazatlan.com\/portal\/wp-json\/wp\/v2\/tags?post=1410"}],"curies":[{"name":"wp","href":"https:\/\/api.w.org\/{rel}","templated":true}]}}