{"id":1420,"date":"2021-08-16T20:29:33","date_gmt":"2021-08-16T20:29:33","guid":{"rendered":"http:\/\/idiomasmazatlan.com\/portal\/?p=1420"},"modified":"2021-08-16T20:37:14","modified_gmt":"2021-08-16T20:37:14","slug":"estamos-de-regreso","status":"publish","type":"post","link":"https:\/\/idiomasmazatlan.com\/portal\/estamos-de-regreso\/","title":{"rendered":"\u00a1Estamos de regreso!"},"content":{"rendered":"\n<p>Las actividades administrativas se reanudaron el d\u00eda de hoy para dar inicio al ciclo escolar 2021-2022.<br>Pueden comunicarse con nosotros a trav\u00e9s de nuestras redes sociales, o de los tel\u00e9fonos de oficina.<br><br><a rel=\"noreferrer noopener\" aria-label=\"https:\/\/www.facebook.com\/ceimazatlan (se abre en una nueva pesta\u00f1a)\" href=\"https:\/\/www.facebook.com\/ceimazatlan\" target=\"_blank\">https:\/\/www.facebook.com\/ceimazatlan<\/a><\/p>\n\n\n\n<p><strong>Tel\u00e9fonos de oficina<\/strong><br>669 982 5598 y 669 985 1608<br><strong>O al WhatsApp L\u00edneaCEIM<\/strong><br>6691 886 065<br><br><strong>El proceso de inscripci\u00f3n ser\u00e1 del 17 al 24 de agosto<\/strong>.<br>Pondremos un enlace en la p\u00e1gina de FACEBOOK, y aqu\u00ed en nuestro website, donde deber\u00e1s llenar con la informaci\u00f3n correcta y los siguientes archivos en digital:<br><em>Scan de Acta de nacimiento<br>Scan de CURP<br>Scan de INE (En caso de ser menor de edad, INE de uno de los padres o tutor).<\/em><br><br>Sobre la modalidad en la que regresar\u00e1 la <strong>Universidad Aut\u00f3noma de Sinaloa<\/strong>, anexamos el <strong>comunicado institucional<\/strong>.<\/p>\n\n\n\n<figure class=\"wp-block-image size-large\"><img fetchpriority=\"high\" decoding=\"async\" width=\"3300\" height=\"5100\" data-attachment-id=\"1421\" data-permalink=\"https:\/\/idiomasmazatlan.com\/portal\/estamos-de-regreso\/comunicado-regreso-a-clases-1\/\" data-orig-file=\"https:\/\/i0.wp.com\/idiomasmazatlan.com\/portal\/wp-content\/uploads\/2021\/08\/Comunicado-Regreso-a-Clases-1.png?fit=3300%2C5100&amp;ssl=1\" data-orig-size=\"3300,5100\" data-comments-opened=\"0\" data-image-meta=\"{&quot;aperture&quot;:&quot;0&quot;,&quot;credit&quot;:&quot;&quot;,&quot;camera&quot;:&quot;&quot;,&quot;caption&quot;:&quot;&quot;,&quot;created_timestamp&quot;:&quot;0&quot;,&quot;copyright&quot;:&quot;&quot;,&quot;focal_length&quot;:&quot;0&quot;,&quot;iso&quot;:&quot;0&quot;,&quot;shutter_speed&quot;:&quot;0&quot;,&quot;title&quot;:&quot;&quot;,&quot;orientation&quot;:&quot;0&quot;}\" data-image-title=\"Comunicado-Regreso-a-Clases-1\" data-image-description=\"\" data-image-caption=\"\" data-medium-file=\"https:\/\/i0.wp.com\/idiomasmazatlan.com\/portal\/wp-content\/uploads\/2021\/08\/Comunicado-Regreso-a-Clases-1.png?fit=194%2C300&amp;ssl=1\" data-large-file=\"https:\/\/i0.wp.com\/idiomasmazatlan.com\/portal\/wp-content\/uploads\/2021\/08\/Comunicado-Regreso-a-Clases-1.png?fit=663%2C1024&amp;ssl=1\" tabindex=\"0\" role=\"button\" src=\"https:\/\/i1.wp.com\/idiomasmazatlan.com\/portal\/wp-content\/uploads\/2021\/08\/Comunicado-Regreso-a-Clases-1.png?fit=663%2C1024&amp;ssl=1\" alt=\"\" class=\"wp-image-1421\" srcset=\"https:\/\/i0.wp.com\/idiomasmazatlan.com\/portal\/wp-content\/uploads\/2021\/08\/Comunicado-Regreso-a-Clases-1.png?w=3300&amp;ssl=1 3300w, https:\/\/i0.wp.com\/idiomasmazatlan.com\/portal\/wp-content\/uploads\/2021\/08\/Comunicado-Regreso-a-Clases-1.png?resize=194%2C300&amp;ssl=1 194w, https:\/\/i0.wp.com\/idiomasmazatlan.com\/portal\/wp-content\/uploads\/2021\/08\/Comunicado-Regreso-a-Clases-1.png?resize=663%2C1024&amp;ssl=1 663w, https:\/\/i0.wp.com\/idiomasmazatlan.com\/portal\/wp-content\/uploads\/2021\/08\/Comunicado-Regreso-a-Clases-1.png?resize=994%2C1536&amp;ssl=1 994w, https:\/\/i0.wp.com\/idiomasmazatlan.com\/portal\/wp-content\/uploads\/2021\/08\/Comunicado-Regreso-a-Clases-1.png?resize=1325%2C2048&amp;ssl=1 1325w, https:\/\/i0.wp.com\/idiomasmazatlan.com\/portal\/wp-content\/uploads\/2021\/08\/Comunicado-Regreso-a-Clases-1.png?resize=225%2C348&amp;ssl=1 225w, https:\/\/i0.wp.com\/idiomasmazatlan.com\/portal\/wp-content\/uploads\/2021\/08\/Comunicado-Regreso-a-Clases-1.png?resize=392%2C606&amp;ssl=1 392w, https:\/\/i0.wp.com\/idiomasmazatlan.com\/portal\/wp-content\/uploads\/2021\/08\/Comunicado-Regreso-a-Clases-1.png?resize=700%2C1082&amp;ssl=1 700w, https:\/\/i0.wp.com\/idiomasmazatlan.com\/portal\/wp-content\/uploads\/2021\/08\/Comunicado-Regreso-a-Clases-1.png?w=1400&amp;ssl=1 1400w, https:\/\/i0.wp.com\/idiomasmazatlan.com\/portal\/wp-content\/uploads\/2021\/08\/Comunicado-Regreso-a-Clases-1.png?w=2100&amp;ssl=1 2100w\" sizes=\"(max-width: 700px) 100vw, 700px\" \/><\/figure>\n","protected":false},"excerpt":{"rendered":"<p>Las actividades administrativas se reanudaron el d\u00eda de hoy para dar inicio al ciclo escolar 2021-2022.Pueden comunicarse con nosotros a trav\u00e9s de nuestras redes sociales, o de los tel\u00e9fonos de oficina.https:\/\/www.facebook.com\/ceimazatlan<\/p>\n<p>Tel\u00e9fonos de oficina669 982 5598 &#8230;<\/p>\n","protected":false},"author":6,"featured_media":1422,"comment_status":"open","ping_status":"open","sticky":false,"template":"","format":"standard","meta":{"jetpack_post_was_ever_published":false,"_jetpack_newsletter_access":"","_jetpack_dont_email_post_to_subs":true,"_jetpack_newsletter_tier_id":0,"_jetpack_memberships_contains_paywalled_content":false,"_jetpack_memberships_contains_paid_content":false,"footnotes":"","jetpack_publicize_message":"","jetpack_publicize_feature_enabled":true,"jetpack_social_post_already_shared":true,"jetpack_social_options":{"image_generator_settings":{"template":"highway","enabled":false},"version":2}},"categories":[7,9],"tags":[33,69,67,68,66],"class_list":["post-1420","post","type-post","status-publish","format-standard","has-post-thumbnail","hentry","category-convocatoria","category-noticia","tag-centro-de-idiomas-mazatlan","tag-idiomas-mazatlan","tag-informacion-uas","tag-modalidad-en-linea","tag-regreso-a-clases"],"jetpack_publicize_connections":[],"jetpack_featured_media_url":"https:\/\/i0.wp.com\/idiomasmazatlan.com\/portal\/wp-content\/uploads\/2021\/08\/RegresoA16Agosto.jpeg?fit=1280%2C1280&ssl=1","jetpack_sharing_enabled":true,"jetpack_shortlink":"https:\/\/wp.me\/p720zc-mU","jetpack-related-posts":[],"_links":{"self":[{"href":"https:\/\/idiomasmazatlan.com\/portal\/wp-json\/wp\/v2\/posts\/1420","targetHints":{"allow":["GET"]}}],"collection":[{"href":"https:\/\/idiomasmazatlan.com\/portal\/wp-json\/wp\/v2\/posts"}],"about":[{"href":"https:\/\/idiomasmazatlan.com\/portal\/wp-json\/wp\/v2\/types\/post"}],"author":[{"embeddable":true,"href":"https:\/\/idiomasmazatlan.com\/portal\/wp-json\/wp\/v2\/users\/6"}],"replies":[{"embeddable":true,"href":"https:\/\/idiomasmazatlan.com\/portal\/wp-json\/wp\/v2\/comments?post=1420"}],"version-history":[{"count":2,"href":"https:\/\/idiomasmazatlan.com\/portal\/wp-json\/wp\/v2\/posts\/1420\/revisions"}],"predecessor-version":[{"id":1424,"href":"https:\/\/idiomasmazatlan.com\/portal\/wp-json\/wp\/v2\/posts\/1420\/revisions\/1424"}],"wp:featuredmedia":[{"embeddable":true,"href":"https:\/\/idiomasmazatlan.com\/portal\/wp-json\/wp\/v2\/media\/1422"}],"wp:attachment":[{"href":"https:\/\/idiomasmazatlan.com\/portal\/wp-json\/wp\/v2\/media?parent=1420"}],"wp:term":[{"taxonomy":"category","embeddable":true,"href":"https:\/\/idiomasmazatlan.com\/portal\/wp-json\/wp\/v2\/categories?post=1420"},{"taxonomy":"post_tag","embeddable":true,"href":"https:\/\/idiomasmazatlan.com\/portal\/wp-json\/wp\/v2\/tags?post=1420"}],"curies":[{"name":"wp","href":"https:\/\/api.w.org\/{rel}","templated":true}]}}