{"id":1462,"date":"2021-08-30T20:11:30","date_gmt":"2021-08-30T20:11:30","guid":{"rendered":"http:\/\/idiomasmazatlan.com\/portal\/?p=1462"},"modified":"2021-08-30T20:11:32","modified_gmt":"2021-08-30T20:11:32","slug":"extension-inscripcion-y-reinscripcion","status":"publish","type":"post","link":"https:\/\/idiomasmazatlan.com\/portal\/extension-inscripcion-y-reinscripcion\/","title":{"rendered":"Extensi\u00f3n Inscripci\u00f3n y Reinscripci\u00f3n"},"content":{"rendered":"\n<p><strong>\u00a1Buenas noticias comunidad de Mazatl\u00e1n!<\/strong><br>A partir de este momento, 30 de agosto, hasta el mi\u00e9rcoles 1ro de septiembre, estaremos realizando inscripciones para primer nivel de las  academias de idiomas, en los horarios que se muestran en la imagen.<br><br>El cupo es limitado, y es requisito tener 14 a\u00f1os cumplidos.<br><br>Pasos para nuevo ingreso PRIMEROS NIVELES.<br>1. Primeros Niveles &#8211; Todos los idiomasIngresa a: <a rel=\"noreferrer noopener\" aria-label=\" (se abre en una nueva pesta\u00f1a)\" href=\"https:\/\/forms.gle\/ZUdGoa1C71WyRRxZ7\" target=\"_blank\">https:\/\/forms.gle\/ZUdGoa1C71WyRRxZ7<\/a><br><br>2. Ten listos:<br><strong>Scan de Acta de nacimiento<\/strong><br><strong>Scan de CURP<\/strong><br><strong>Scan de IN<\/strong>E (si eres menor de edad, INE de uno de tus padres o tutor)<br>*Si eres hijo de trabajador de la UAS, scan de tal\u00f3n de pago.<br><br>3. Selecciona un idioma y un horario<br>&#8211; En el transcurso del d\u00eda te enviaremos un correo con los pasos a seguir, procura estar al pendiente de tu email, y de tu bandeja de correo no deseado o spam.<\/p>\n\n\n\n<hr class=\"wp-block-separator\"\/>\n\n\n\n<h2 class=\"wp-block-heading\">Reinscripci\u00f3n<\/h2>\n\n\n\n<figure class=\"wp-block-image size-medium is-resized\"><img fetchpriority=\"high\" decoding=\"async\" data-attachment-id=\"1464\" data-permalink=\"https:\/\/idiomasmazatlan.com\/portal\/extension-inscripcion-y-reinscripcion\/nuevaext-2122_pt1\/\" data-orig-file=\"https:\/\/i0.wp.com\/idiomasmazatlan.com\/portal\/wp-content\/uploads\/2021\/08\/NuevaExt-2122_pt1.jpeg?fit=1280%2C1280&amp;ssl=1\" data-orig-size=\"1280,1280\" data-comments-opened=\"0\" data-image-meta=\"{&quot;aperture&quot;:&quot;0&quot;,&quot;credit&quot;:&quot;&quot;,&quot;camera&quot;:&quot;&quot;,&quot;caption&quot;:&quot;&quot;,&quot;created_timestamp&quot;:&quot;0&quot;,&quot;copyright&quot;:&quot;&quot;,&quot;focal_length&quot;:&quot;0&quot;,&quot;iso&quot;:&quot;0&quot;,&quot;shutter_speed&quot;:&quot;0&quot;,&quot;title&quot;:&quot;&quot;,&quot;orientation&quot;:&quot;0&quot;}\" data-image-title=\"NuevaExt-2122_pt1\" data-image-description=\"\" data-image-caption=\"\" data-medium-file=\"https:\/\/i0.wp.com\/idiomasmazatlan.com\/portal\/wp-content\/uploads\/2021\/08\/NuevaExt-2122_pt1.jpeg?fit=300%2C300&amp;ssl=1\" data-large-file=\"https:\/\/i0.wp.com\/idiomasmazatlan.com\/portal\/wp-content\/uploads\/2021\/08\/NuevaExt-2122_pt1.jpeg?fit=700%2C700&amp;ssl=1\" tabindex=\"0\" role=\"button\" src=\"https:\/\/i0.wp.com\/idiomasmazatlan.com\/portal\/wp-content\/uploads\/2021\/08\/NuevaExt-2122_pt1.jpeg?fit=300%2C300&amp;ssl=1\" alt=\"Extensi\u00f3n Reinscripc\u00f3n - Nuevo recibo hasta el 1ro de septiembre.\" class=\"wp-image-1464\" width=\"225\" height=\"225\" srcset=\"https:\/\/i0.wp.com\/idiomasmazatlan.com\/portal\/wp-content\/uploads\/2021\/08\/NuevaExt-2122_pt1.jpeg?w=1280&amp;ssl=1 1280w, https:\/\/i0.wp.com\/idiomasmazatlan.com\/portal\/wp-content\/uploads\/2021\/08\/NuevaExt-2122_pt1.jpeg?resize=300%2C300&amp;ssl=1 300w, https:\/\/i0.wp.com\/idiomasmazatlan.com\/portal\/wp-content\/uploads\/2021\/08\/NuevaExt-2122_pt1.jpeg?resize=1024%2C1024&amp;ssl=1 1024w, https:\/\/i0.wp.com\/idiomasmazatlan.com\/portal\/wp-content\/uploads\/2021\/08\/NuevaExt-2122_pt1.jpeg?resize=150%2C150&amp;ssl=1 150w, https:\/\/i0.wp.com\/idiomasmazatlan.com\/portal\/wp-content\/uploads\/2021\/08\/NuevaExt-2122_pt1.jpeg?resize=225%2C225&amp;ssl=1 225w, https:\/\/i0.wp.com\/idiomasmazatlan.com\/portal\/wp-content\/uploads\/2021\/08\/NuevaExt-2122_pt1.jpeg?resize=392%2C392&amp;ssl=1 392w, https:\/\/i0.wp.com\/idiomasmazatlan.com\/portal\/wp-content\/uploads\/2021\/08\/NuevaExt-2122_pt1.jpeg?resize=700%2C700&amp;ssl=1 700w\" sizes=\"(max-width: 225px) 100vw, 225px\" \/><\/figure>\n\n\n\n<p>A la comunidad de alumnos del Centro de Estudio de Idiomas Mazatl\u00e1n. A partir de este momento podr\u00e1n ingresar a la plataforma y descargar su recibo con nueva fecha para proceder a reinscribirse la nivel siguiente.<br><strong>Los recibos vencen el 1ro de septiembre.<\/strong><\/p>\n\n\n\n<p><strong>\u00a1Qu\u00e9 no se les pase!<\/strong><\/p>\n\n\n\n<ul class=\"wp-block-list\"><li>Entra a la plataforma <a href=\"https:\/\/siia.uasnet.mx\/alumnos\/\" target=\"_blank\" rel=\"noreferrer noopener\" aria-label=\" (se abre en una nueva pesta\u00f1a)\">https:\/\/siia.uasnet.mx\/alumnos\/<\/a> con tu n\u00famero de cuenta y NIP<\/li><li>Men\u00fa &#8211; Idiomas &#8211; Solicitar Recibo<\/li><li>Men\u00fa &#8211; Idiomas &#8211; Imprimir Recibo<\/li><li>24hrs despu\u00e9s de haber realizado el pago en banco Santander o Banorte, regresa a la plataforma y asigna tu grupo y aula.<\/li><\/ul>\n\n\n\n<p>\u00bfC\u00f3mo ser\u00e1 el inicio este nuevo ciclo escolar?<br>Te invitamos a leer el comunicado institucional en la p\u00e1gina oficial de la Universidad Aut\u00f3noma de Sinaloa. <a href=\"http:\/\/www.uas.edu.mx\" target=\"_blank\" rel=\"noreferrer noopener\" aria-label=\" (se abre en una nueva pesta\u00f1a)\">https:\/\/www.uas.edu.mx<\/a><br><strong>-Inicio de clases 6 de septiembre<\/strong><\/p>\n\n\n\n<p><\/p>\n","protected":false},"excerpt":{"rendered":"<p>\u00a1Buenas noticias comunidad de Mazatl\u00e1n!A partir de este momento, 30 de agosto, hasta el mi\u00e9rcoles 1ro de septiembre, estaremos realizando inscripciones para primer nivel de las  academias de idiomas, en los horarios que se &#8230;<\/p>\n","protected":false},"author":6,"featured_media":1463,"comment_status":"open","ping_status":"open","sticky":false,"template":"","format":"standard","meta":{"jetpack_post_was_ever_published":false,"_jetpack_newsletter_access":"","_jetpack_dont_email_post_to_subs":true,"_jetpack_newsletter_tier_id":0,"_jetpack_memberships_contains_paywalled_content":false,"_jetpack_memberships_contains_paid_content":false,"footnotes":"","jetpack_publicize_message":"","jetpack_publicize_feature_enabled":true,"jetpack_social_post_already_shared":true,"jetpack_social_options":{"image_generator_settings":{"template":"highway","enabled":false},"version":2}},"categories":[7,9],"tags":[],"class_list":["post-1462","post","type-post","status-publish","format-standard","has-post-thumbnail","hentry","category-convocatoria","category-noticia"],"jetpack_publicize_connections":[],"jetpack_featured_media_url":"https:\/\/i0.wp.com\/idiomasmazatlan.com\/portal\/wp-content\/uploads\/2021\/08\/ext_2122pt1_horariosidiomas.png?fit=2251%2C2251&ssl=1","jetpack_sharing_enabled":true,"jetpack_shortlink":"https:\/\/wp.me\/p720zc-nA","jetpack-related-posts":[],"_links":{"self":[{"href":"https:\/\/idiomasmazatlan.com\/portal\/wp-json\/wp\/v2\/posts\/1462","targetHints":{"allow":["GET"]}}],"collection":[{"href":"https:\/\/idiomasmazatlan.com\/portal\/wp-json\/wp\/v2\/posts"}],"about":[{"href":"https:\/\/idiomasmazatlan.com\/portal\/wp-json\/wp\/v2\/types\/post"}],"author":[{"embeddable":true,"href":"https:\/\/idiomasmazatlan.com\/portal\/wp-json\/wp\/v2\/users\/6"}],"replies":[{"embeddable":true,"href":"https:\/\/idiomasmazatlan.com\/portal\/wp-json\/wp\/v2\/comments?post=1462"}],"version-history":[{"count":2,"href":"https:\/\/idiomasmazatlan.com\/portal\/wp-json\/wp\/v2\/posts\/1462\/revisions"}],"predecessor-version":[{"id":1466,"href":"https:\/\/idiomasmazatlan.com\/portal\/wp-json\/wp\/v2\/posts\/1462\/revisions\/1466"}],"wp:featuredmedia":[{"embeddable":true,"href":"https:\/\/idiomasmazatlan.com\/portal\/wp-json\/wp\/v2\/media\/1463"}],"wp:attachment":[{"href":"https:\/\/idiomasmazatlan.com\/portal\/wp-json\/wp\/v2\/media?parent=1462"}],"wp:term":[{"taxonomy":"category","embeddable":true,"href":"https:\/\/idiomasmazatlan.com\/portal\/wp-json\/wp\/v2\/categories?post=1462"},{"taxonomy":"post_tag","embeddable":true,"href":"https:\/\/idiomasmazatlan.com\/portal\/wp-json\/wp\/v2\/tags?post=1462"}],"curies":[{"name":"wp","href":"https:\/\/api.w.org\/{rel}","templated":true}]}}