{"id":1506,"date":"2021-11-23T16:58:10","date_gmt":"2021-11-23T16:58:10","guid":{"rendered":"https:\/\/idiomasmazatlan.com\/portal\/?p=1506"},"modified":"2021-11-23T16:59:46","modified_gmt":"2021-11-23T16:59:46","slug":"reinscripciones-periodo-2-2122","status":"publish","type":"post","link":"https:\/\/idiomasmazatlan.com\/portal\/reinscripciones-periodo-2-2122\/","title":{"rendered":"Reinscripciones Periodo 2 -2122"},"content":{"rendered":"\n<iframe src=\"https:\/\/www.facebook.com\/plugins\/video.php?height=314&#038;href=https%3A%2F%2Fwww.facebook.com%2Fceimazatlan%2Fvideos%2F842571483080930%2F&#038;show_text=false&#038;width=560&#038;t=0\" width=\"560\" height=\"314\" style=\"border:none;overflow:hidden\" scrolling=\"no\" frameborder=\"0\" allowfullscreen=\"true\" allow=\"autoplay; clipboard-write; encrypted-media; picture-in-picture; web-share\" allowFullScreen=\"true\"><\/iframe>\n\n\n\n<hr class=\"wp-block-separator aligncenter\"\/>\n\n\n\n<p>\u00a1Reinscripciones Comunidad CEIM!<\/p>\n\n\n\n<p>\ud835\uddd4\ud835\uddf9\ud835\ude02\ud835\uddfa\ud835\uddfb\ud835\uddfc\ud835\ude00 \ud835\uddd4\ud835\uddf0\ud835\ude01\ud835\uddf6\ud835\ude03\ud835\uddfc\ud835\ude00 \ud835\udfee\ud835\udff0, \ud835\udfee\ud835\udff1 \ud835\ude06 \ud835\udfee\ud835\udff2 \ud835\uddf1\ud835\uddf2 \ud835\udde1\ud835\uddfc\ud835\ude03\ud835\uddf6\ud835\uddf2\ud835\uddfa\ud835\uddef\ud835\uddff\ud835\uddf2<\/p>\n\n\n\n<p>\u00a0 Ingresa a <a href=\"https:\/\/siia.uasnet.mx\/alumnos\/\" target=\"_blank\" rel=\"noreferrer noopener\">https:\/\/siia.uasnet.mx\/alumnos\/<\/a> (ve el video y sigue los pasos).<\/p>\n\n\n\n<p>&nbsp;\u00a1Descarga tu recibo, p\u00e1galo y entr\u00e9galo de inmediato a control escolar, te recordamos que el aforo est\u00e1 controlado, asegura tu horario!<\/p>\n\n\n\n<p>\ud835\uddd4\ud835\uddf9\ud835\ude02\ud835\uddfa\ud835\uddfb\ud835\uddfc\ud835\ude00 \ud835\uddfe\ud835\ude02\ud835\uddf2 \ud835\ude00\ud835\uddf2 \ud835\uddff\ud835\uddf2\ud835\uddf6\ud835\uddfb\ud835\uddf0\ud835\uddfc\ud835\uddff\ud835\uddfd\ud835\uddfc\ud835\uddff\ud835\uddee\ud835\uddfb \ud835\udfee\ud835\udff5 y \ud835\udfef\ud835\udfec \ud835\uddf1\ud835\uddf2 \ud835\udde1\ud835\uddfc\ud835\ude03\ud835\uddf6\ud835\uddf2\ud835\uddfa\ud835\uddef\ud835\uddff\ud835\uddf2 \ud835\ude06 \ud835\udfed\ud835\uddff\ud835\uddfc \ud835\uddf1\ud835\uddf2 \ud835\uddd7\ud835\uddf6\ud835\uddf0\ud835\uddf6\ud835\uddf2\ud835\uddfa\ud835\uddef\ud835\uddff\ud835\uddf2<\/p>\n\n\n\n<p>\u00a0 Ingresa a <a href=\"https:\/\/siia.uasnet.mx\/alumnos\/\" target=\"_blank\" rel=\"noreferrer noopener\">https:\/\/siia.uasnet.mx\/alumnos\/<\/a> (ve el video y sigue los pasos).<\/p>\n\n\n\n<p>El periodo de reinscripci\u00f3n es del 24 de noviembre al 1ro de Diciembre.<\/p>\n\n\n\n<p>Todos los recibos vencen el 1ro de Diciembre.<\/p>\n\n\n\n<p>\u00a1Inicio de clases 6 de diciembre, nos vemos en el aula!<\/p>\n\n\n\n<div style=\"height:8px\" aria-hidden=\"true\" class=\"wp-block-spacer\"><\/div>\n\n\n\n<ul class=\"wp-block-social-links has-icon-background-color is-layout-flex wp-block-social-links-is-layout-flex\"><li style=\"background-color:#0693e3;\" class=\"wp-social-link wp-social-link-facebook has-vivid-cyan-blue-background-color wp-block-social-link\"><a href=\"https:\/\/www.facebook.com\/ceimazatlan\" class=\"wp-block-social-link-anchor\"><svg width=\"24\" height=\"24\" viewBox=\"0 0 24 24\" version=\"1.1\" xmlns=\"http:\/\/www.w3.org\/2000\/svg\" aria-hidden=\"true\" focusable=\"false\"><path d=\"M12 2C6.5 2 2 6.5 2 12c0 5 3.7 9.1 8.4 9.9v-7H7.9V12h2.5V9.8c0-2.5 1.5-3.9 3.8-3.9 1.1 0 2.2.2 2.2.2v2.5h-1.3c-1.2 0-1.6.8-1.6 1.6V12h2.8l-.4 2.9h-2.3v7C18.3 21.1 22 17 22 12c0-5.5-4.5-10-10-10z\"><\/path><\/svg><span class=\"wp-block-social-link-label screen-reader-text\">Facebook<\/span><\/a><\/li>\n\n<li style=\"background-color:#0693e3;\" class=\"wp-social-link wp-social-link-instagram has-vivid-cyan-blue-background-color wp-block-social-link\"><a href=\"https:\/\/www.instagram.com\/ceimazatlan\" class=\"wp-block-social-link-anchor\"><svg width=\"24\" height=\"24\" viewBox=\"0 0 24 24\" version=\"1.1\" xmlns=\"http:\/\/www.w3.org\/2000\/svg\" aria-hidden=\"true\" focusable=\"false\"><path d=\"M12,4.622c2.403,0,2.688,0.009,3.637,0.052c0.877,0.04,1.354,0.187,1.671,0.31c0.42,0.163,0.72,0.358,1.035,0.673 c0.315,0.315,0.51,0.615,0.673,1.035c0.123,0.317,0.27,0.794,0.31,1.671c0.043,0.949,0.052,1.234,0.052,3.637 s-0.009,2.688-0.052,3.637c-0.04,0.877-0.187,1.354-0.31,1.671c-0.163,0.42-0.358,0.72-0.673,1.035 c-0.315,0.315-0.615,0.51-1.035,0.673c-0.317,0.123-0.794,0.27-1.671,0.31c-0.949,0.043-1.233,0.052-3.637,0.052 s-2.688-0.009-3.637-0.052c-0.877-0.04-1.354-0.187-1.671-0.31c-0.42-0.163-0.72-0.358-1.035-0.673 c-0.315-0.315-0.51-0.615-0.673-1.035c-0.123-0.317-0.27-0.794-0.31-1.671C4.631,14.688,4.622,14.403,4.622,12 s0.009-2.688,0.052-3.637c0.04-0.877,0.187-1.354,0.31-1.671c0.163-0.42,0.358-0.72,0.673-1.035 c0.315-0.315,0.615-0.51,1.035-0.673c0.317-0.123,0.794-0.27,1.671-0.31C9.312,4.631,9.597,4.622,12,4.622 M12,3 C9.556,3,9.249,3.01,8.289,3.054C7.331,3.098,6.677,3.25,6.105,3.472C5.513,3.702,5.011,4.01,4.511,4.511 c-0.5,0.5-0.808,1.002-1.038,1.594C3.25,6.677,3.098,7.331,3.054,8.289C3.01,9.249,3,9.556,3,12c0,2.444,0.01,2.751,0.054,3.711 c0.044,0.958,0.196,1.612,0.418,2.185c0.23,0.592,0.538,1.094,1.038,1.594c0.5,0.5,1.002,0.808,1.594,1.038 c0.572,0.222,1.227,0.375,2.185,0.418C9.249,20.99,9.556,21,12,21s2.751-0.01,3.711-0.054c0.958-0.044,1.612-0.196,2.185-0.418 c0.592-0.23,1.094-0.538,1.594-1.038c0.5-0.5,0.808-1.002,1.038-1.594c0.222-0.572,0.375-1.227,0.418-2.185 C20.99,14.751,21,14.444,21,12s-0.01-2.751-0.054-3.711c-0.044-0.958-0.196-1.612-0.418-2.185c-0.23-0.592-0.538-1.094-1.038-1.594 c-0.5-0.5-1.002-0.808-1.594-1.038c-0.572-0.222-1.227-0.375-2.185-0.418C14.751,3.01,14.444,3,12,3L12,3z M12,7.378 c-2.552,0-4.622,2.069-4.622,4.622S9.448,16.622,12,16.622s4.622-2.069,4.622-4.622S14.552,7.378,12,7.378z M12,15 c-1.657,0-3-1.343-3-3s1.343-3,3-3s3,1.343,3,3S13.657,15,12,15z M16.804,6.116c-0.596,0-1.08,0.484-1.08,1.08 s0.484,1.08,1.08,1.08c0.596,0,1.08-0.484,1.08-1.08S17.401,6.116,16.804,6.116z\"><\/path><\/svg><span class=\"wp-block-social-link-label screen-reader-text\">Instagram<\/span><\/a><\/li><\/ul>\n\n\n\n<p><\/p>\n","protected":false},"excerpt":{"rendered":"<p>Reinscripciones &#8211; Centro de Idiomas Mazatl\u00e1n.<br \/>\nDel 24 de Noviembre al 1ro de Diciembre<\/p>\n","protected":false},"author":6,"featured_media":1512,"comment_status":"open","ping_status":"open","sticky":false,"template":"","format":"standard","meta":{"jetpack_post_was_ever_published":false,"_jetpack_newsletter_access":"","_jetpack_dont_email_post_to_subs":false,"_jetpack_newsletter_tier_id":0,"_jetpack_memberships_contains_paywalled_content":false,"_jetpack_memberships_contains_paid_content":false,"footnotes":"","jetpack_publicize_message":"","jetpack_publicize_feature_enabled":true,"jetpack_social_post_already_shared":true,"jetpack_social_options":{"image_generator_settings":{"template":"highway","enabled":false},"version":2}},"categories":[9,8],"tags":[41],"class_list":["post-1506","post","type-post","status-publish","format-standard","has-post-thumbnail","hentry","category-noticia","category-visible","tag-reinscripciones"],"jetpack_publicize_connections":[],"jetpack_featured_media_url":"https:\/\/i0.wp.com\/idiomasmazatlan.com\/portal\/wp-content\/uploads\/2021\/11\/Reinscripciones_Periodo2_2122.jpeg?fit=1280%2C960&ssl=1","jetpack_sharing_enabled":true,"jetpack_shortlink":"https:\/\/wp.me\/p720zc-oi","jetpack-related-posts":[],"_links":{"self":[{"href":"https:\/\/idiomasmazatlan.com\/portal\/wp-json\/wp\/v2\/posts\/1506","targetHints":{"allow":["GET"]}}],"collection":[{"href":"https:\/\/idiomasmazatlan.com\/portal\/wp-json\/wp\/v2\/posts"}],"about":[{"href":"https:\/\/idiomasmazatlan.com\/portal\/wp-json\/wp\/v2\/types\/post"}],"author":[{"embeddable":true,"href":"https:\/\/idiomasmazatlan.com\/portal\/wp-json\/wp\/v2\/users\/6"}],"replies":[{"embeddable":true,"href":"https:\/\/idiomasmazatlan.com\/portal\/wp-json\/wp\/v2\/comments?post=1506"}],"version-history":[{"count":7,"href":"https:\/\/idiomasmazatlan.com\/portal\/wp-json\/wp\/v2\/posts\/1506\/revisions"}],"predecessor-version":[{"id":1515,"href":"https:\/\/idiomasmazatlan.com\/portal\/wp-json\/wp\/v2\/posts\/1506\/revisions\/1515"}],"wp:featuredmedia":[{"embeddable":true,"href":"https:\/\/idiomasmazatlan.com\/portal\/wp-json\/wp\/v2\/media\/1512"}],"wp:attachment":[{"href":"https:\/\/idiomasmazatlan.com\/portal\/wp-json\/wp\/v2\/media?parent=1506"}],"wp:term":[{"taxonomy":"category","embeddable":true,"href":"https:\/\/idiomasmazatlan.com\/portal\/wp-json\/wp\/v2\/categories?post=1506"},{"taxonomy":"post_tag","embeddable":true,"href":"https:\/\/idiomasmazatlan.com\/portal\/wp-json\/wp\/v2\/tags?post=1506"}],"curies":[{"name":"wp","href":"https:\/\/api.w.org\/{rel}","templated":true}]}}