{"id":947,"date":"2017-03-17T20:49:00","date_gmt":"2017-03-17T20:49:00","guid":{"rendered":"http:\/\/idiomasmazatlan.com\/portal\/?p=947"},"modified":"2018-09-24T17:51:09","modified_gmt":"2018-09-24T17:51:09","slug":"4ta-jornada-universitaria-para-la-salud-de-la-mujer","status":"publish","type":"post","link":"https:\/\/idiomasmazatlan.com\/portal\/4ta-jornada-universitaria-para-la-salud-de-la-mujer\/","title":{"rendered":"4ta Jornada Universitaria para la Salud de la Mujer"},"content":{"rendered":"<p style=\"text-align: center;\"><span style=\"font-size: 26pt; font-family: impact, sans-serif; color: #ff00ff;\">4TA JORNADA UNIVERSITARIA PARA LA SALUD DE LA MUJER<\/span><\/p>\n<p style=\"text-align: center;\"><img fetchpriority=\"high\" decoding=\"async\" data-attachment-id=\"949\" data-permalink=\"https:\/\/idiomasmazatlan.com\/portal\/4ta-jornada-universitaria-para-la-salud-de-la-mujer\/dsc_0169_focus_0-01_0-26_1140_700\/\" data-orig-file=\"https:\/\/i0.wp.com\/idiomasmazatlan.com\/portal\/wp-content\/uploads\/2017\/03\/dsc_0169_focus_0.01_0.26_1140_700.jpg?fit=1140%2C700&amp;ssl=1\" data-orig-size=\"1140,700\" data-comments-opened=\"0\" data-image-meta=\"{&quot;aperture&quot;:&quot;0&quot;,&quot;credit&quot;:&quot;&quot;,&quot;camera&quot;:&quot;&quot;,&quot;caption&quot;:&quot;&quot;,&quot;created_timestamp&quot;:&quot;0&quot;,&quot;copyright&quot;:&quot;&quot;,&quot;focal_length&quot;:&quot;0&quot;,&quot;iso&quot;:&quot;0&quot;,&quot;shutter_speed&quot;:&quot;0&quot;,&quot;title&quot;:&quot;&quot;,&quot;orientation&quot;:&quot;0&quot;}\" data-image-title=\"dsc_0169_focus_0.01_0.26_1140_700\" data-image-description=\"\" data-image-caption=\"\" data-medium-file=\"https:\/\/i0.wp.com\/idiomasmazatlan.com\/portal\/wp-content\/uploads\/2017\/03\/dsc_0169_focus_0.01_0.26_1140_700.jpg?fit=300%2C184&amp;ssl=1\" data-large-file=\"https:\/\/i0.wp.com\/idiomasmazatlan.com\/portal\/wp-content\/uploads\/2017\/03\/dsc_0169_focus_0.01_0.26_1140_700.jpg?fit=700%2C430&amp;ssl=1\" tabindex=\"0\" role=\"button\" class=\"alignnone size-large wp-image-949\" src=\"https:\/\/i0.wp.com\/idiomasmazatlan.com\/portal\/wp-content\/uploads\/2017\/03\/dsc_0169_focus_0.01_0.26_1140_700-1024x629.jpg?resize=700%2C430&#038;ssl=1\" alt=\"\" width=\"700\" height=\"430\" srcset=\"https:\/\/i0.wp.com\/idiomasmazatlan.com\/portal\/wp-content\/uploads\/2017\/03\/dsc_0169_focus_0.01_0.26_1140_700.jpg?resize=1024%2C629&amp;ssl=1 1024w, https:\/\/i0.wp.com\/idiomasmazatlan.com\/portal\/wp-content\/uploads\/2017\/03\/dsc_0169_focus_0.01_0.26_1140_700.jpg?resize=300%2C184&amp;ssl=1 300w, https:\/\/i0.wp.com\/idiomasmazatlan.com\/portal\/wp-content\/uploads\/2017\/03\/dsc_0169_focus_0.01_0.26_1140_700.jpg?resize=225%2C138&amp;ssl=1 225w, https:\/\/i0.wp.com\/idiomasmazatlan.com\/portal\/wp-content\/uploads\/2017\/03\/dsc_0169_focus_0.01_0.26_1140_700.jpg?resize=392%2C241&amp;ssl=1 392w, https:\/\/i0.wp.com\/idiomasmazatlan.com\/portal\/wp-content\/uploads\/2017\/03\/dsc_0169_focus_0.01_0.26_1140_700.jpg?resize=700%2C430&amp;ssl=1 700w, https:\/\/i0.wp.com\/idiomasmazatlan.com\/portal\/wp-content\/uploads\/2017\/03\/dsc_0169_focus_0.01_0.26_1140_700.jpg?w=1140&amp;ssl=1 1140w\" sizes=\"(max-width: 700px) 100vw, 700px\" data-recalc-dims=\"1\" \/><\/p>\n<p>Durante todo el mes de octubre, la Unidad de Bienestar Universitario de la UAS y la Asociaci\u00f3n Civil Renacer tendr\u00e1n a disposici\u00f3n de todas las mujeres del estado unidades m\u00f3viles para la realizaci\u00f3n de ex\u00e1menes de ultrasonido, mastograf\u00eda y desintometr\u00eda \u00f3sea, todos ellos gratuitos, para la detecci\u00f3n oportuna de esta enfermedad.<\/p>\n<p>\u201cComo sociedad, como familias, como padres y como individuos, tenemos que ser conscientes de que el c\u00e1ncer no tiene respeto a ninguna situaci\u00f3n social y econ\u00f3mica; tenemos que reiterar que, a pesar de ser curable, el c\u00e1ncer de mama sigue siendo la segunda causa de muerte en el pa\u00eds y el n\u00famero de casos sigue en ascenso por no seguir la cultura de revisarse y acudir ante el m\u00e9dico\u201d, expres\u00f3 nuestro rector el Dr. Juan Eulogio Guerra Liera<\/p>\n<p>El Rector destac\u00f3 que en los tres a\u00f1os que se han realizado estas jornadas se han brindado 22 mil servicios en todo el estado, lo que representante 22 mil esperanzas de vida.<\/p>\n<p>Por su parte, la directora de la Unidad de Bienestar Universitario, licenciada Patricia Corrales de Guerra, invit\u00f3 a todas las universitarias y sinaloenses a aprovechar esta oportunidad, a perder el miedo y a apostar a favor de la salud y de la vida.<\/p>\n<p>&nbsp;<\/p>\n<p>&nbsp;<\/p>\n<p>&nbsp;<\/p>\n","protected":false},"excerpt":{"rendered":"<p style=\"text-align: center;\">4TA JORNADA UNIVERSITARIA PARA LA SALUD DE LA MUJER<\/p>\n<p style=\"text-align: center;\">\n<p>Durante todo el mes de octubre, la Unidad de Bienestar Universitario de la UAS y la Asociaci\u00f3n Civil Renacer tendr\u00e1n a disposici\u00f3n de &#8230;<\/p>\n","protected":false},"author":1,"featured_media":973,"comment_status":"open","ping_status":"open","sticky":false,"template":"","format":"standard","meta":{"jetpack_post_was_ever_published":false,"_jetpack_newsletter_access":"","_jetpack_dont_email_post_to_subs":true,"_jetpack_newsletter_tier_id":0,"_jetpack_memberships_contains_paywalled_content":false,"_jetpack_memberships_contains_paid_content":false,"footnotes":"","jetpack_publicize_message":"","jetpack_publicize_feature_enabled":true,"jetpack_social_post_already_shared":true,"jetpack_social_options":{"image_generator_settings":{"template":"highway","enabled":false},"version":2}},"categories":[9,8],"tags":[],"class_list":["post-947","post","type-post","status-publish","format-standard","has-post-thumbnail","hentry","category-noticia","category-visible"],"jetpack_publicize_connections":[],"jetpack_featured_media_url":"https:\/\/i0.wp.com\/idiomasmazatlan.com\/portal\/wp-content\/uploads\/2017\/03\/dsc_0169-focus-0.01-0.26-1140-700.jpg?fit=1140%2C700&ssl=1","jetpack_sharing_enabled":true,"jetpack_shortlink":"https:\/\/wp.me\/p720zc-fh","jetpack-related-posts":[],"_links":{"self":[{"href":"https:\/\/idiomasmazatlan.com\/portal\/wp-json\/wp\/v2\/posts\/947","targetHints":{"allow":["GET"]}}],"collection":[{"href":"https:\/\/idiomasmazatlan.com\/portal\/wp-json\/wp\/v2\/posts"}],"about":[{"href":"https:\/\/idiomasmazatlan.com\/portal\/wp-json\/wp\/v2\/types\/post"}],"author":[{"embeddable":true,"href":"https:\/\/idiomasmazatlan.com\/portal\/wp-json\/wp\/v2\/users\/1"}],"replies":[{"embeddable":true,"href":"https:\/\/idiomasmazatlan.com\/portal\/wp-json\/wp\/v2\/comments?post=947"}],"version-history":[{"count":2,"href":"https:\/\/idiomasmazatlan.com\/portal\/wp-json\/wp\/v2\/posts\/947\/revisions"}],"predecessor-version":[{"id":951,"href":"https:\/\/idiomasmazatlan.com\/portal\/wp-json\/wp\/v2\/posts\/947\/revisions\/951"}],"wp:featuredmedia":[{"embeddable":true,"href":"https:\/\/idiomasmazatlan.com\/portal\/wp-json\/wp\/v2\/media\/973"}],"wp:attachment":[{"href":"https:\/\/idiomasmazatlan.com\/portal\/wp-json\/wp\/v2\/media?parent=947"}],"wp:term":[{"taxonomy":"category","embeddable":true,"href":"https:\/\/idiomasmazatlan.com\/portal\/wp-json\/wp\/v2\/categories?post=947"},{"taxonomy":"post_tag","embeddable":true,"href":"https:\/\/idiomasmazatlan.com\/portal\/wp-json\/wp\/v2\/tags?post=947"}],"curies":[{"name":"wp","href":"https:\/\/api.w.org\/{rel}","templated":true}]}}