{"id":19645,"date":"2024-09-10T18:03:57","date_gmt":"2024-09-10T18:03:57","guid":{"rendered":"https:\/\/idiomasmazatlan.com\/uas\/?p=19645"},"modified":"2024-09-10T18:53:43","modified_gmt":"2024-09-10T18:53:43","slug":"ba_2425_schoolyear","status":"publish","type":"post","link":"https:\/\/idiomasmazatlan.com\/uas\/ba_2425_schoolyear\/","title":{"rendered":"Licenciatura 24-25 Inicio de Clases"},"content":{"rendered":"<p>El pasado 26 de agosto, los estudiantes de la Licenciatura dieron inicio a su ciclo escolar con entusiasmo y una actitud positiva. Este nuevo comienzo marca una etapa importante en su formaci\u00f3n acad\u00e9mica, llena de expectativas y desaf\u00edos por superar.<\/p><p>Desde las primeras horas, los pasillos y aulas se llenaron de la energ\u00eda caracter\u00edstica de este momento, en el que alumnos, docentes y personal administrativo colaboran para crear un ambiente propicio para el aprendizaje y el crecimiento personal. La emoci\u00f3n por aprender y compartir experiencias qued\u00f3 reflejada en cada uno de los estudiantes, quienes mostraron su compromiso y ganas de aprovechar al m\u00e1ximo las oportunidades que este ciclo ofrece.<\/p><p>El equipo docente tambi\u00e9n comenz\u00f3 con gran entusiasmo, preparados para guiar a los estudiantes a lo largo de su formaci\u00f3n y contribuir al desarrollo de sus habilidades y conocimientos.<\/p><p>Este arranque de clases representa no solo la continuidad de la formaci\u00f3n acad\u00e9mica, sino tambi\u00e9n el fortalecimiento de la comunidad universitaria, que sigue firme en su misi\u00f3n de formar profesionistas comprometidos con el futuro. Sin duda, este ser\u00e1 un ciclo lleno de logros y aprendizajes que marcar\u00e1n el camino de los futuros profesionistas.<\/p><p>\u00a1Bienvenidos a este nuevo comienzo!<br><\/p><figure class=\"wp-block-embed is-type-video is-provider-youtube wp-block-embed-youtube wp-embed-aspect-16-9 wp-has-aspect-ratio\"><div class=\"wp-block-embed__wrapper\">\n<iframe loading=\"lazy\" title=\"Welcome Eagles II - Licenciatura\" width=\"1170\" height=\"658\" src=\"https:\/\/www.youtube.com\/embed\/ph6JfrlY8Zo?feature=oembed\" frameborder=\"0\" allow=\"accelerometer; autoplay; clipboard-write; encrypted-media; gyroscope; picture-in-picture; web-share\" referrerpolicy=\"strict-origin-when-cross-origin\" allowfullscreen><\/iframe>\n<\/div><figcaption class=\"wp-element-caption\">5to Semestre<\/figcaption><\/figure><figure class=\"wp-block-embed is-type-video is-provider-youtube wp-block-embed-youtube wp-embed-aspect-16-9 wp-has-aspect-ratio\"><div class=\"wp-block-embed__wrapper\">\n<iframe loading=\"lazy\" title=\"Welcome Eagles\" width=\"1170\" height=\"658\" src=\"https:\/\/www.youtube.com\/embed\/HDups9wg-SI?feature=oembed\" frameborder=\"0\" allow=\"accelerometer; autoplay; clipboard-write; encrypted-media; gyroscope; picture-in-picture; web-share\" referrerpolicy=\"strict-origin-when-cross-origin\" allowfullscreen><\/iframe>\n<\/div><figcaption class=\"wp-element-caption\">7mo Semestre<\/figcaption><\/figure><figure class=\"wp-block-embed is-type-video is-provider-youtube wp-block-embed-youtube wp-embed-aspect-16-9 wp-has-aspect-ratio\"><div class=\"wp-block-embed__wrapper\">\n<iframe loading=\"lazy\" title=\"Welcome Eagles III - Licenciatura\" width=\"1170\" height=\"658\" src=\"https:\/\/www.youtube.com\/embed\/3vTnjDzAolc?feature=oembed\" frameborder=\"0\" allow=\"accelerometer; autoplay; clipboard-write; encrypted-media; gyroscope; picture-in-picture; web-share\" referrerpolicy=\"strict-origin-when-cross-origin\" allowfullscreen><\/iframe>\n<\/div><figcaption class=\"wp-element-caption\">7mo Semestre<\/figcaption><\/figure>","protected":false},"excerpt":{"rendered":"<p>El pasado 26 de agosto, los estudiantes de la Licenciatura dieron inicio a su ciclo escolar con entusiasmo y una actitud positiva. Este nuevo comienzo marca una etapa importante en su formaci\u00f3n acad\u00e9mica, llena de expectativas y desaf\u00edos por superar. Desde las primeras horas, los pasillos y aulas se llenaron<\/p>\n","protected":false},"author":1,"featured_media":19541,"comment_status":"closed","ping_status":"open","sticky":false,"template":"","format":"standard","meta":{"_coblocks_attr":"","_coblocks_dimensions":"","_coblocks_responsive_height":"","_coblocks_accordion_ie_support":"","om_disable_all_campaigns":false,"_monsterinsights_skip_tracking":false,"_monsterinsights_sitenote_active":false,"_monsterinsights_sitenote_note":"","_monsterinsights_sitenote_category":0,"footnotes":""},"categories":[64,74],"tags":[86,68],"class_list":["post-19645","post","type-post","status-publish","format-standard","has-post-thumbnail","hentry","category-bainelt","category-regreso-a-clases","tag-inicio-de-clases","tag-bainelt"],"aioseo_notices":[],"yoast_head":"<!-- This site is optimized with the Yoast SEO plugin v24.3 - https:\/\/yoast.com\/wordpress\/plugins\/seo\/ -->\n<title>Licenciatura 24-25 Inicio de Clases - Centro de Estudio de Idiomas Mazatl\u00e1n - UAS<\/title>\n<meta name=\"description\" content=\"Regreso a clases e inicio de ciclo de licenciatura.\" \/>\n<meta name=\"robots\" content=\"index, follow, max-snippet:-1, max-image-preview:large, max-video-preview:-1\" \/>\n<link rel=\"canonical\" href=\"https:\/\/idiomasmazatlan.com\/uas\/ba_2425_schoolyear\/\" \/>\n<meta property=\"og:locale\" content=\"es_ES\" \/>\n<meta property=\"og:type\" content=\"article\" \/>\n<meta property=\"og:title\" content=\"Licenciatura 24-25 Inicio de Clases - Centro de Estudio de Idiomas Mazatl\u00e1n - UAS\" \/>\n<meta property=\"og:description\" content=\"Regreso a clases e inicio de ciclo de licenciatura.\" \/>\n<meta property=\"og:url\" content=\"https:\/\/idiomasmazatlan.com\/uas\/ba_2425_schoolyear\/\" \/>\n<meta property=\"og:site_name\" content=\"Centro de Estudio de Idiomas Mazatl\u00e1n - UAS\" \/>\n<meta property=\"article:published_time\" content=\"2024-09-10T18:03:57+00:00\" \/>\n<meta property=\"article:modified_time\" content=\"2024-09-10T18:53:43+00:00\" \/>\n<meta property=\"og:image\" content=\"https:\/\/idiomasmazatlan.com\/uas\/wp-content\/uploads\/2024\/08\/IconBlog_BA.png\" \/>\n\t<meta property=\"og:image:width\" content=\"1542\" \/>\n\t<meta property=\"og:image:height\" content=\"1542\" \/>\n\t<meta property=\"og:image:type\" content=\"image\/png\" \/>\n<meta name=\"author\" content=\"admin\" \/>\n<meta name=\"twitter:card\" content=\"summary_large_image\" \/>\n<meta name=\"twitter:label1\" content=\"Escrito por\" \/>\n\t<meta name=\"twitter:data1\" content=\"admin\" \/>\n\t<meta name=\"twitter:label2\" content=\"Tiempo de lectura\" \/>\n\t<meta name=\"twitter:data2\" content=\"2 minutos\" \/>\n<script type=\"application\/ld+json\" class=\"yoast-schema-graph\">{\"@context\":\"https:\/\/schema.org\",\"@graph\":[{\"@type\":\"Article\",\"@id\":\"https:\/\/idiomasmazatlan.com\/uas\/ba_2425_schoolyear\/#article\",\"isPartOf\":{\"@id\":\"https:\/\/idiomasmazatlan.com\/uas\/ba_2425_schoolyear\/\"},\"author\":{\"name\":\"admin\",\"@id\":\"https:\/\/idiomasmazatlan.com\/uas\/#\/schema\/person\/73eebadad024cc5ec1f6c8ca4c27c880\"},\"headline\":\"Licenciatura 24-25 Inicio de Clases\",\"datePublished\":\"2024-09-10T18:03:57+00:00\",\"dateModified\":\"2024-09-10T18:53:43+00:00\",\"mainEntityOfPage\":{\"@id\":\"https:\/\/idiomasmazatlan.com\/uas\/ba_2425_schoolyear\/\"},\"wordCount\":235,\"publisher\":{\"@id\":\"https:\/\/idiomasmazatlan.com\/uas\/#organization\"},\"image\":{\"@id\":\"https:\/\/idiomasmazatlan.com\/uas\/ba_2425_schoolyear\/#primaryimage\"},\"thumbnailUrl\":\"https:\/\/idiomasmazatlan.com\/uas\/wp-content\/uploads\/2024\/08\/IconBlog_BA.png\",\"keywords\":[\"Inicio de Clases\",\"Licenciatura\"],\"articleSection\":[\"Licenciatura\",\"Regreso a clases\"],\"inLanguage\":\"es\"},{\"@type\":\"WebPage\",\"@id\":\"https:\/\/idiomasmazatlan.com\/uas\/ba_2425_schoolyear\/\",\"url\":\"https:\/\/idiomasmazatlan.com\/uas\/ba_2425_schoolyear\/\",\"name\":\"Licenciatura 24-25 Inicio de Clases - Centro de Estudio de Idiomas Mazatl\u00e1n - UAS\",\"isPartOf\":{\"@id\":\"https:\/\/idiomasmazatlan.com\/uas\/#website\"},\"primaryImageOfPage\":{\"@id\":\"https:\/\/idiomasmazatlan.com\/uas\/ba_2425_schoolyear\/#primaryimage\"},\"image\":{\"@id\":\"https:\/\/idiomasmazatlan.com\/uas\/ba_2425_schoolyear\/#primaryimage\"},\"thumbnailUrl\":\"https:\/\/idiomasmazatlan.com\/uas\/wp-content\/uploads\/2024\/08\/IconBlog_BA.png\",\"datePublished\":\"2024-09-10T18:03:57+00:00\",\"dateModified\":\"2024-09-10T18:53:43+00:00\",\"description\":\"Regreso a clases e inicio de ciclo de licenciatura.\",\"breadcrumb\":{\"@id\":\"https:\/\/idiomasmazatlan.com\/uas\/ba_2425_schoolyear\/#breadcrumb\"},\"inLanguage\":\"es\",\"potentialAction\":[{\"@type\":\"ReadAction\",\"target\":[\"https:\/\/idiomasmazatlan.com\/uas\/ba_2425_schoolyear\/\"]}]},{\"@type\":\"ImageObject\",\"inLanguage\":\"es\",\"@id\":\"https:\/\/idiomasmazatlan.com\/uas\/ba_2425_schoolyear\/#primaryimage\",\"url\":\"https:\/\/idiomasmazatlan.com\/uas\/wp-content\/uploads\/2024\/08\/IconBlog_BA.png\",\"contentUrl\":\"https:\/\/idiomasmazatlan.com\/uas\/wp-content\/uploads\/2024\/08\/IconBlog_BA.png\",\"width\":1542,\"height\":1542},{\"@type\":\"BreadcrumbList\",\"@id\":\"https:\/\/idiomasmazatlan.com\/uas\/ba_2425_schoolyear\/#breadcrumb\",\"itemListElement\":[{\"@type\":\"ListItem\",\"position\":1,\"name\":\"Home\",\"item\":\"https:\/\/idiomasmazatlan.com\/uas\/\"},{\"@type\":\"ListItem\",\"position\":2,\"name\":\"Licenciatura 24-25 Inicio de Clases\"}]},{\"@type\":\"WebSite\",\"@id\":\"https:\/\/idiomasmazatlan.com\/uas\/#website\",\"url\":\"https:\/\/idiomasmazatlan.com\/uas\/\",\"name\":\"Centro de Estudio de Idiomas Mazatl\u00e1n - UAS\",\"description\":\"\",\"publisher\":{\"@id\":\"https:\/\/idiomasmazatlan.com\/uas\/#organization\"},\"potentialAction\":[{\"@type\":\"SearchAction\",\"target\":{\"@type\":\"EntryPoint\",\"urlTemplate\":\"https:\/\/idiomasmazatlan.com\/uas\/?s={search_term_string}\"},\"query-input\":{\"@type\":\"PropertyValueSpecification\",\"valueRequired\":true,\"valueName\":\"search_term_string\"}}],\"inLanguage\":\"es\"},{\"@type\":\"Organization\",\"@id\":\"https:\/\/idiomasmazatlan.com\/uas\/#organization\",\"name\":\"Centro de Estudio de Idiomas Mazatl\u00e1n - UAS\",\"url\":\"https:\/\/idiomasmazatlan.com\/uas\/\",\"logo\":{\"@type\":\"ImageObject\",\"inLanguage\":\"es\",\"@id\":\"https:\/\/idiomasmazatlan.com\/uas\/#\/schema\/logo\/image\/\",\"url\":\"\",\"contentUrl\":\"\",\"caption\":\"Centro de Estudio de Idiomas Mazatl\u00e1n - UAS\"},\"image\":{\"@id\":\"https:\/\/idiomasmazatlan.com\/uas\/#\/schema\/logo\/image\/\"}},{\"@type\":\"Person\",\"@id\":\"https:\/\/idiomasmazatlan.com\/uas\/#\/schema\/person\/73eebadad024cc5ec1f6c8ca4c27c880\",\"name\":\"admin\",\"image\":{\"@type\":\"ImageObject\",\"inLanguage\":\"es\",\"@id\":\"https:\/\/idiomasmazatlan.com\/uas\/#\/schema\/person\/image\/\",\"url\":\"https:\/\/secure.gravatar.com\/avatar\/331046263a2a31807c9e7bc5bc35bfeb01adfbba6a46f6bbd6ca4abe68b5cc05?s=96&d=robohash&r=g\",\"contentUrl\":\"https:\/\/secure.gravatar.com\/avatar\/331046263a2a31807c9e7bc5bc35bfeb01adfbba6a46f6bbd6ca4abe68b5cc05?s=96&d=robohash&r=g\",\"caption\":\"admin\"},\"sameAs\":[\"https:\/\/idiomasmazatlan.com\/uas\"],\"url\":\"https:\/\/idiomasmazatlan.com\/uas\/author\/admin\/\"}]}<\/script>\n<!-- \/ Yoast SEO plugin. -->","yoast_head_json":{"title":"Licenciatura 24-25 Inicio de Clases - Centro de Estudio de Idiomas Mazatl\u00e1n - UAS","description":"Regreso a clases e inicio de ciclo de licenciatura.","robots":{"index":"index","follow":"follow","max-snippet":"max-snippet:-1","max-image-preview":"max-image-preview:large","max-video-preview":"max-video-preview:-1"},"canonical":"https:\/\/idiomasmazatlan.com\/uas\/ba_2425_schoolyear\/","og_locale":"es_ES","og_type":"article","og_title":"Licenciatura 24-25 Inicio de Clases - Centro de Estudio de Idiomas Mazatl\u00e1n - UAS","og_description":"Regreso a clases e inicio de ciclo de licenciatura.","og_url":"https:\/\/idiomasmazatlan.com\/uas\/ba_2425_schoolyear\/","og_site_name":"Centro de Estudio de Idiomas Mazatl\u00e1n - UAS","article_published_time":"2024-09-10T18:03:57+00:00","article_modified_time":"2024-09-10T18:53:43+00:00","og_image":[{"width":1542,"height":1542,"url":"https:\/\/idiomasmazatlan.com\/uas\/wp-content\/uploads\/2024\/08\/IconBlog_BA.png","type":"image\/png"}],"author":"admin","twitter_card":"summary_large_image","twitter_misc":{"Escrito por":"admin","Tiempo de lectura":"2 minutos"},"schema":{"@context":"https:\/\/schema.org","@graph":[{"@type":"Article","@id":"https:\/\/idiomasmazatlan.com\/uas\/ba_2425_schoolyear\/#article","isPartOf":{"@id":"https:\/\/idiomasmazatlan.com\/uas\/ba_2425_schoolyear\/"},"author":{"name":"admin","@id":"https:\/\/idiomasmazatlan.com\/uas\/#\/schema\/person\/73eebadad024cc5ec1f6c8ca4c27c880"},"headline":"Licenciatura 24-25 Inicio de Clases","datePublished":"2024-09-10T18:03:57+00:00","dateModified":"2024-09-10T18:53:43+00:00","mainEntityOfPage":{"@id":"https:\/\/idiomasmazatlan.com\/uas\/ba_2425_schoolyear\/"},"wordCount":235,"publisher":{"@id":"https:\/\/idiomasmazatlan.com\/uas\/#organization"},"image":{"@id":"https:\/\/idiomasmazatlan.com\/uas\/ba_2425_schoolyear\/#primaryimage"},"thumbnailUrl":"https:\/\/idiomasmazatlan.com\/uas\/wp-content\/uploads\/2024\/08\/IconBlog_BA.png","keywords":["Inicio de Clases","Licenciatura"],"articleSection":["Licenciatura","Regreso a clases"],"inLanguage":"es"},{"@type":"WebPage","@id":"https:\/\/idiomasmazatlan.com\/uas\/ba_2425_schoolyear\/","url":"https:\/\/idiomasmazatlan.com\/uas\/ba_2425_schoolyear\/","name":"Licenciatura 24-25 Inicio de Clases - Centro de Estudio de Idiomas Mazatl\u00e1n - UAS","isPartOf":{"@id":"https:\/\/idiomasmazatlan.com\/uas\/#website"},"primaryImageOfPage":{"@id":"https:\/\/idiomasmazatlan.com\/uas\/ba_2425_schoolyear\/#primaryimage"},"image":{"@id":"https:\/\/idiomasmazatlan.com\/uas\/ba_2425_schoolyear\/#primaryimage"},"thumbnailUrl":"https:\/\/idiomasmazatlan.com\/uas\/wp-content\/uploads\/2024\/08\/IconBlog_BA.png","datePublished":"2024-09-10T18:03:57+00:00","dateModified":"2024-09-10T18:53:43+00:00","description":"Regreso a clases e inicio de ciclo de licenciatura.","breadcrumb":{"@id":"https:\/\/idiomasmazatlan.com\/uas\/ba_2425_schoolyear\/#breadcrumb"},"inLanguage":"es","potentialAction":[{"@type":"ReadAction","target":["https:\/\/idiomasmazatlan.com\/uas\/ba_2425_schoolyear\/"]}]},{"@type":"ImageObject","inLanguage":"es","@id":"https:\/\/idiomasmazatlan.com\/uas\/ba_2425_schoolyear\/#primaryimage","url":"https:\/\/idiomasmazatlan.com\/uas\/wp-content\/uploads\/2024\/08\/IconBlog_BA.png","contentUrl":"https:\/\/idiomasmazatlan.com\/uas\/wp-content\/uploads\/2024\/08\/IconBlog_BA.png","width":1542,"height":1542},{"@type":"BreadcrumbList","@id":"https:\/\/idiomasmazatlan.com\/uas\/ba_2425_schoolyear\/#breadcrumb","itemListElement":[{"@type":"ListItem","position":1,"name":"Home","item":"https:\/\/idiomasmazatlan.com\/uas\/"},{"@type":"ListItem","position":2,"name":"Licenciatura 24-25 Inicio de Clases"}]},{"@type":"WebSite","@id":"https:\/\/idiomasmazatlan.com\/uas\/#website","url":"https:\/\/idiomasmazatlan.com\/uas\/","name":"Centro de Estudio de Idiomas Mazatl\u00e1n - UAS","description":"","publisher":{"@id":"https:\/\/idiomasmazatlan.com\/uas\/#organization"},"potentialAction":[{"@type":"SearchAction","target":{"@type":"EntryPoint","urlTemplate":"https:\/\/idiomasmazatlan.com\/uas\/?s={search_term_string}"},"query-input":{"@type":"PropertyValueSpecification","valueRequired":true,"valueName":"search_term_string"}}],"inLanguage":"es"},{"@type":"Organization","@id":"https:\/\/idiomasmazatlan.com\/uas\/#organization","name":"Centro de Estudio de Idiomas Mazatl\u00e1n - UAS","url":"https:\/\/idiomasmazatlan.com\/uas\/","logo":{"@type":"ImageObject","inLanguage":"es","@id":"https:\/\/idiomasmazatlan.com\/uas\/#\/schema\/logo\/image\/","url":"","contentUrl":"","caption":"Centro de Estudio de Idiomas Mazatl\u00e1n - UAS"},"image":{"@id":"https:\/\/idiomasmazatlan.com\/uas\/#\/schema\/logo\/image\/"}},{"@type":"Person","@id":"https:\/\/idiomasmazatlan.com\/uas\/#\/schema\/person\/73eebadad024cc5ec1f6c8ca4c27c880","name":"admin","image":{"@type":"ImageObject","inLanguage":"es","@id":"https:\/\/idiomasmazatlan.com\/uas\/#\/schema\/person\/image\/","url":"https:\/\/secure.gravatar.com\/avatar\/331046263a2a31807c9e7bc5bc35bfeb01adfbba6a46f6bbd6ca4abe68b5cc05?s=96&d=robohash&r=g","contentUrl":"https:\/\/secure.gravatar.com\/avatar\/331046263a2a31807c9e7bc5bc35bfeb01adfbba6a46f6bbd6ca4abe68b5cc05?s=96&d=robohash&r=g","caption":"admin"},"sameAs":["https:\/\/idiomasmazatlan.com\/uas"],"url":"https:\/\/idiomasmazatlan.com\/uas\/author\/admin\/"}]}},"_links":{"self":[{"href":"https:\/\/idiomasmazatlan.com\/uas\/wp-json\/wp\/v2\/posts\/19645","targetHints":{"allow":["GET"]}}],"collection":[{"href":"https:\/\/idiomasmazatlan.com\/uas\/wp-json\/wp\/v2\/posts"}],"about":[{"href":"https:\/\/idiomasmazatlan.com\/uas\/wp-json\/wp\/v2\/types\/post"}],"author":[{"embeddable":true,"href":"https:\/\/idiomasmazatlan.com\/uas\/wp-json\/wp\/v2\/users\/1"}],"replies":[{"embeddable":true,"href":"https:\/\/idiomasmazatlan.com\/uas\/wp-json\/wp\/v2\/comments?post=19645"}],"version-history":[{"count":3,"href":"https:\/\/idiomasmazatlan.com\/uas\/wp-json\/wp\/v2\/posts\/19645\/revisions"}],"predecessor-version":[{"id":19649,"href":"https:\/\/idiomasmazatlan.com\/uas\/wp-json\/wp\/v2\/posts\/19645\/revisions\/19649"}],"wp:featuredmedia":[{"embeddable":true,"href":"https:\/\/idiomasmazatlan.com\/uas\/wp-json\/wp\/v2\/media\/19541"}],"wp:attachment":[{"href":"https:\/\/idiomasmazatlan.com\/uas\/wp-json\/wp\/v2\/media?parent=19645"}],"wp:term":[{"taxonomy":"category","embeddable":true,"href":"https:\/\/idiomasmazatlan.com\/uas\/wp-json\/wp\/v2\/categories?post=19645"},{"taxonomy":"post_tag","embeddable":true,"href":"https:\/\/idiomasmazatlan.com\/uas\/wp-json\/wp\/v2\/tags?post=19645"}],"curies":[{"name":"wp","href":"https:\/\/api.w.org\/{rel}","templated":true}]}}